{"id":12,"date":"2012-07-18T10:45:44","date_gmt":"2012-07-18T10:45:44","guid":{"rendered":"http:\/\/blogs.hoy.es\/verdeconciencia\/?p=12"},"modified":"2012-07-18T10:45:44","modified_gmt":"2012-07-18T10:45:44","slug":"2012-ano-tragico-para-las-ciguenas","status":"publish","type":"post","link":"https:\/\/blogs.hoy.es\/verdeconciencia\/2012\/07\/18\/2012-ano-tragico-para-las-ciguenas\/","title":{"rendered":"2012 A\u00f1o tr\u00e1gico para las cig\u00fce\u00f1as"},"content":{"rendered":"<p><a href=\"\/verdeconciencia\/wp-content\/uploads\/sites\/50\/2012\/07\/Ciguenas-011.jpg\"><img loading=\"lazy\" class=\"size-medium wp-image-13 alignright\" title=\"Ciguenas 011\" src=\"\/verdeconciencia\/wp-content\/uploads\/sites\/50\/2012\/07\/Ciguenas-011.jpg\" alt=\"\" width=\"300\" height=\"199\" srcset=\"https:\/\/static-blogs.hoy.es\/wp-content\/uploads\/sites\/50\/2012\/07\/Ciguenas-011.jpg 1504w, https:\/\/static-blogs.hoy.es\/wp-content\/uploads\/sites\/50\/2012\/07\/Ciguenas-011-300x199.jpg 300w, https:\/\/static-blogs.hoy.es\/wp-content\/uploads\/sites\/50\/2012\/07\/Ciguenas-011-768x511.jpg 768w, https:\/\/static-blogs.hoy.es\/wp-content\/uploads\/sites\/50\/2012\/07\/Ciguenas-011-1024x681.jpg 1024w\" sizes=\"(max-width: 300px) 100vw, 300px\" \/><\/a><a href=\"\/verdeconciencia\/wp-content\/uploads\/sites\/50\/2012\/07\/CIGUENAS-SANTIAGO-130712-009.jpg\"><img loading=\"lazy\" class=\"alignleft size-medium wp-image-16\" title=\"CIGUENAS-SANTIAGO-130712-009\" src=\"\/verdeconciencia\/wp-content\/uploads\/sites\/50\/2012\/07\/CIGUENAS-SANTIAGO-130712-009.jpg\" alt=\"\" width=\"300\" height=\"225\" srcset=\"https:\/\/static-blogs.hoy.es\/wp-content\/uploads\/sites\/50\/2012\/07\/CIGUENAS-SANTIAGO-130712-009.jpg 4320w, https:\/\/static-blogs.hoy.es\/wp-content\/uploads\/sites\/50\/2012\/07\/CIGUENAS-SANTIAGO-130712-009-300x225.jpg 300w, https:\/\/static-blogs.hoy.es\/wp-content\/uploads\/sites\/50\/2012\/07\/CIGUENAS-SANTIAGO-130712-009-768x576.jpg 768w, https:\/\/static-blogs.hoy.es\/wp-content\/uploads\/sites\/50\/2012\/07\/CIGUENAS-SANTIAGO-130712-009-1024x768.jpg 1024w\" sizes=\"(max-width: 300px) 100vw, 300px\" \/><\/a><\/p>\n<p>&nbsp;<\/p>\n<p>&nbsp;<\/p>\n<p>&nbsp;<\/p>\n<p>&nbsp;<\/p>\n<p>&nbsp;<\/p>\n<p>&nbsp;<\/p>\n<p>&nbsp;<\/p>\n<p>Desde hace m\u00e1s de veinticinco a\u00f1os, vengo realizando el censo de cig\u00fce\u00f1as de la ciudad de C\u00e1ceres, entre otros muchos lugares de Extremadura. Recuerdo que la primera vez que lo realic\u00e9 fue a instancias de mi amigo Santiago Hern\u00e1ndez, y lo hice acompa\u00f1ado de una joven y guapa estudiante de magisterio que se llamaba Ana Salas Blanco. A ambos nos un\u00eda la activa militancia en ADENEX, una reci\u00e9n creada y comprometida asociaci\u00f3n ecologista que supo recoger el impulso y el compromiso de muchas gentes de Extremadura preocupadas por el medio ambiente en un dif\u00edcil momento en el que muchas veces eran las propias administraciones quienes promov\u00edan acciones contrarias al patrimonio natural de Extremadura, que ellas deber\u00edan conservar.<\/p>\n<p>Ana Salas nos dej\u00f3 iniciado un camino que hemos seguido durante todos estos a\u00f1os: censar las cig\u00fce\u00f1as de la ciudad y trabajar con los alumnos el acercamiento a la ciencia de la etolog\u00eda, tratando de que contabilicen los efectivos poblacionales y analicen el compartimiento de nuestras familiares zancudas.<\/p>\n<p>Este pre\u00e1mbulo es justificaci\u00f3n para decir que sabemos con bastante exactitud c\u00f3mo ha evolucionado la poblaci\u00f3n de cig\u00fce\u00f1as de C\u00e1ceres, las medidas que se tomaron para aumentar la colonia urbana que por el a\u00f1o 1992 se encontraba en regresi\u00f3n, lo que motiv\u00f3 la celebraci\u00f3n en nuestra ciudad del I Congreso Internacional de las Cig\u00fce\u00f1as y el posterior aumento de su poblaci\u00f3n hasta este a\u00f1o.<\/p>\n<p>La sorpresa ha sido cuando hemos realizado el censo de nidos y pollos existentes en la Ciudad antigua y en la Ribera del Marco en 2012. Solo dar\u00e9 un dato: el pasado a\u00f1o en esta zona hab\u00eda m\u00e1s de trescientos pollos adornando palacios, torres, iglesias y espada\u00f1as de la ciudad y en algunos \u00e1rboles y alg\u00fan moderno edificio; este a\u00f1o a mediados de junio solo seis cigo\u00f1inos se encontraban en la ciudad. Es una verdadera tragedia que conviene conocer, analizar y estudiar si consideramos que el patrimonio natural de la ciudad antigua y la Ribera del marco es uno de los principales valores de nuestra ciudad y un complemento imprescindible de su rico patrimonio cultural.<\/p>\n<!-- AddThis Advanced Settings generic via filter on the_content --><!-- AddThis Share Buttons generic via filter on the_content -->","protected":false},"excerpt":{"rendered":"<p>&nbsp; &nbsp; &nbsp; &nbsp; &nbsp; &nbsp; &nbsp; Desde hace m\u00e1s de veinticinco a\u00f1os, vengo realizando el censo de cig\u00fce\u00f1as de la ciudad de C\u00e1ceres, entre otros muchos lugares de Extremadura. Recuerdo que la primera vez que lo realic\u00e9 fue a instancias de mi amigo Santiago Hern\u00e1ndez, y lo hice acompa\u00f1ado de una joven y guapa [&hellip;]<!-- AddThis Advanced Settings generic via filter on get_the_excerpt --><!-- AddThis Share Buttons generic via filter on get_the_excerpt --><\/p>\n","protected":false},"author":3,"featured_media":0,"comment_status":"open","ping_status":"closed","sticky":false,"template":"","format":"standard","meta":[],"categories":[5],"tags":[8,13,49,65,122,128],"_links":{"self":[{"href":"https:\/\/blogs.hoy.es\/verdeconciencia\/wp-json\/wp\/v2\/posts\/12"}],"collection":[{"href":"https:\/\/blogs.hoy.es\/verdeconciencia\/wp-json\/wp\/v2\/posts"}],"about":[{"href":"https:\/\/blogs.hoy.es\/verdeconciencia\/wp-json\/wp\/v2\/types\/post"}],"author":[{"embeddable":true,"href":"https:\/\/blogs.hoy.es\/verdeconciencia\/wp-json\/wp\/v2\/users\/3"}],"replies":[{"embeddable":true,"href":"https:\/\/blogs.hoy.es\/verdeconciencia\/wp-json\/wp\/v2\/comments?post=12"}],"version-history":[{"count":0,"href":"https:\/\/blogs.hoy.es\/verdeconciencia\/wp-json\/wp\/v2\/posts\/12\/revisions"}],"wp:attachment":[{"href":"https:\/\/blogs.hoy.es\/verdeconciencia\/wp-json\/wp\/v2\/media?parent=12"}],"wp:term":[{"taxonomy":"category","embeddable":true,"href":"https:\/\/blogs.hoy.es\/verdeconciencia\/wp-json\/wp\/v2\/categories?post=12"},{"taxonomy":"post_tag","embeddable":true,"href":"https:\/\/blogs.hoy.es\/verdeconciencia\/wp-json\/wp\/v2\/tags?post=12"}],"curies":[{"name":"wp","href":"https:\/\/api.w.org\/{rel}","templated":true}]}}