{"id":17,"date":"2012-08-27T11:48:39","date_gmt":"2012-08-27T11:48:39","guid":{"rendered":"http:\/\/blogs.hoy.es\/verdeconciencia\/?p=17"},"modified":"2012-08-27T11:48:39","modified_gmt":"2012-08-27T11:48:39","slug":"destrozos-en-la-via-de-la-plata","status":"publish","type":"post","link":"https:\/\/blogs.hoy.es\/verdeconciencia\/2012\/08\/27\/destrozos-en-la-via-de-la-plata\/","title":{"rendered":"Destrozos en la V\u00eda de la Plata"},"content":{"rendered":"<p><a href=\"\/verdeconciencia\/wp-content\/uploads\/sites\/50\/2012\/08\/blog.jpg\"><img loading=\"lazy\" class=\"alignright size-medium wp-image-18\" title=\"blog\" src=\"\/verdeconciencia\/wp-content\/uploads\/sites\/50\/2012\/08\/blog.jpg\" alt=\"\" width=\"300\" height=\"225\" srcset=\"https:\/\/static-blogs.hoy.es\/wp-content\/uploads\/sites\/50\/2012\/08\/blog.jpg 1000w, https:\/\/static-blogs.hoy.es\/wp-content\/uploads\/sites\/50\/2012\/08\/blog-300x225.jpg 300w, https:\/\/static-blogs.hoy.es\/wp-content\/uploads\/sites\/50\/2012\/08\/blog-768x576.jpg 768w\" sizes=\"(max-width: 300px) 100vw, 300px\" \/><\/a><\/p>\n<p>Si existe en Extremadura un producto tur\u00edstico verdaderamente competitivo, sin duda es la V\u00eda de la Plata, un itinerario que cada a\u00f1o convoca a caminantes y peregrinos que recorren el viejo camino que un\u00eda Augusta Emerita (M\u00e9rida) con Asturica Augusta (Astorga), y que es el m\u00e1s conocido de los caminos extreme\u00f1os a Santiago. Numerosas investigaciones, estudios, e inversiones sirvieron para que el camino haya sido reconocido como el mejor conservado de la \u00e9poca romana, algo manifestado el pasado mes de julio en uno de los cursos de verano sobre Viajeros por Espa\u00f1a y Portugal, que se celebr\u00f3 en Extremadura y que convoc\u00f3 a especialistas de ambos pa\u00edses.<\/p>\n<p>&nbsp;<\/p>\n<p>Estos valores y su cercan\u00eda, son una invitaci\u00f3n a recorrer algunos de sus tramos y disfrutar de los m\u00faltiples atractivos situados en el entorno de la V\u00eda, y as\u00ed, el pasado\u00a0 s\u00e1bado realic\u00e9 el recorrido del viejo camino entre Casas de Don Antonio y C\u00e1ceres. Visit\u00e9 Santiago de Benc\u00e1liz para ver el miliario reutilizado como columna del espacio porticado de la solariega casa, en medio de dehesas de encinas y alcornoques. A lo largo del camino se pueden ver tambi\u00e9n, miliarios empotrados en medio del cerramiento de algunas de esas dehesas, pero la sorpresa estaba por\u00a0 llegar, impaciente me acerqu\u00e9 al miliario XXVIII, sin duda el mejor conocido y el m\u00e1s fotografiado de los muchos existentes en la V\u00eda. Conocido como \u201cel cartero\u201d manten\u00eda una oquedad en la que los caminantes suelen poner un papel debajo de una peque\u00f1a piedra anunciando su paso, dejando alg\u00fan deseo o una se\u00f1al a otros peregrinos, que recorran el camino tras ellos. La sorpresa del d\u00eda fue que el viejo miliario hab\u00eda sido golpeado, pintado y con destrozos en los laterales de la oquedad; los trozos arrancados segu\u00edan al pie del miliario. Con ayuda de alg\u00fan martillo o elemento contundente de forma salvaje han destrozado el miliario.<\/p>\n<p>&nbsp;<\/p>\n<p>Con el disgusto ya en el cuerpo casi abandono la idea de seguir, pero aun as\u00ed continuo hasta el Salor, esperando que el viejo puente me haga olvidar el tema del miliario, pero no, aqu\u00ed la se\u00f1alizaci\u00f3n ha sido arrancada, o los r\u00f3tulos est\u00e1n torcidos, quemados&#8230;., en fin un verdadero desastre y una muestra inequ\u00edvoca del abandono en el que se encuentra nuestro patrimonio. Si no somos capaces de conservar y proteger lo mejor\u00a0 de nuestros monumentos, \u00bfqu\u00e9 estar\u00e1 pasando en nuestros pueblos?, \u00bfcu\u00e1ntos ecce homos y retablos pintados con Titanlux tendremos en nuestras iglesias?.<\/p>\n<p>&nbsp;<\/p>\n<p>Pens\u00e9 denunciar esto en comisar\u00eda, pero: \u00bfpara qu\u00e9?,\u00a0 si nuestras autoridades no saben lo que pasa en un recorrido que miles de peregrinos hacen cada a\u00f1o, mejor que no invitemos a turistas y visitantes a venir a verlo, al menos no pasaremos la verg\u00fcenza de demostrar el abandono de nuestra tierra.<\/p>\n<p>&nbsp;<\/p>\n<p>&nbsp;<\/p>\n<p>&nbsp;<\/p>\n<!-- AddThis Advanced Settings generic via filter on the_content --><!-- AddThis Share Buttons generic via filter on the_content -->","protected":false},"excerpt":{"rendered":"<p>Si existe en Extremadura un producto tur\u00edstico verdaderamente competitivo, sin duda es la V\u00eda de la Plata, un itinerario que cada a\u00f1o convoca a caminantes y peregrinos que recorren el viejo camino que un\u00eda Augusta Emerita (M\u00e9rida) con Asturica Augusta (Astorga), y que es el m\u00e1s conocido de los caminos extreme\u00f1os a Santiago. Numerosas investigaciones, [&hellip;]<!-- AddThis Advanced Settings generic via filter on get_the_excerpt --><!-- AddThis Share Buttons generic via filter on get_the_excerpt --><\/p>\n","protected":false},"author":52,"featured_media":0,"comment_status":"open","ping_status":"closed","sticky":false,"template":"","format":"standard","meta":[],"categories":[2],"tags":[42,65,99,127,151],"_links":{"self":[{"href":"https:\/\/blogs.hoy.es\/verdeconciencia\/wp-json\/wp\/v2\/posts\/17"}],"collection":[{"href":"https:\/\/blogs.hoy.es\/verdeconciencia\/wp-json\/wp\/v2\/posts"}],"about":[{"href":"https:\/\/blogs.hoy.es\/verdeconciencia\/wp-json\/wp\/v2\/types\/post"}],"author":[{"embeddable":true,"href":"https:\/\/blogs.hoy.es\/verdeconciencia\/wp-json\/wp\/v2\/users\/52"}],"replies":[{"embeddable":true,"href":"https:\/\/blogs.hoy.es\/verdeconciencia\/wp-json\/wp\/v2\/comments?post=17"}],"version-history":[{"count":0,"href":"https:\/\/blogs.hoy.es\/verdeconciencia\/wp-json\/wp\/v2\/posts\/17\/revisions"}],"wp:attachment":[{"href":"https:\/\/blogs.hoy.es\/verdeconciencia\/wp-json\/wp\/v2\/media?parent=17"}],"wp:term":[{"taxonomy":"category","embeddable":true,"href":"https:\/\/blogs.hoy.es\/verdeconciencia\/wp-json\/wp\/v2\/categories?post=17"},{"taxonomy":"post_tag","embeddable":true,"href":"https:\/\/blogs.hoy.es\/verdeconciencia\/wp-json\/wp\/v2\/tags?post=17"}],"curies":[{"name":"wp","href":"https:\/\/api.w.org\/{rel}","templated":true}]}}