{"id":19,"date":"2012-08-30T10:19:16","date_gmt":"2012-08-30T10:19:16","guid":{"rendered":"http:\/\/blogs.hoy.es\/verdeconciencia\/?p=19"},"modified":"2012-08-30T10:19:16","modified_gmt":"2012-08-30T10:19:16","slug":"avefrias-o-aguanieves-en-verano","status":"publish","type":"post","link":"https:\/\/blogs.hoy.es\/verdeconciencia\/2012\/08\/30\/avefrias-o-aguanieves-en-verano\/","title":{"rendered":"Avefr\u00edas o aguanieves en verano"},"content":{"rendered":"<p><a href=\"\/verdeconciencia\/wp-content\/uploads\/sites\/50\/2012\/08\/blogchema2.jpg\"><img loading=\"lazy\" class=\"alignright size-medium wp-image-22\" title=\"blogchema\" src=\"\/verdeconciencia\/wp-content\/uploads\/sites\/50\/2012\/08\/blogchema2.jpg\" alt=\"\" width=\"300\" height=\"225\" srcset=\"https:\/\/static-blogs.hoy.es\/wp-content\/uploads\/sites\/50\/2012\/08\/blogchema2.jpg 1000w, https:\/\/static-blogs.hoy.es\/wp-content\/uploads\/sites\/50\/2012\/08\/blogchema2-300x225.jpg 300w, https:\/\/static-blogs.hoy.es\/wp-content\/uploads\/sites\/50\/2012\/08\/blogchema2-768x576.jpg 768w\" sizes=\"(max-width: 300px) 100vw, 300px\" \/><\/a>Si hay alg\u00fan animal cuyo nombre nos informe sobre su costumbre migratoria es el avefr\u00eda, conocida en Extremadura con el nombre de aguanieves y en algunos pueblos como aguzanieves. Una ave migratoria que procedente de los territorios del norte de Europa llega a tierras extreme\u00f1as con los fr\u00edos oto\u00f1ales, es decir: estamos ante una ave invernante como las grullas, que vienen a nuestras dehesas con el oto\u00f1o y hacen las delicias de los ornit\u00f3logos y amantes de la naturaleza, en una \u00e9poca en la que muchas de nuestras aves han marchado a sus cuarteles de invierno, disminuyendo la alta biodiversidad orn\u00edtica de las primaveras y veranos extreme\u00f1os. Aves invernantes que con la llegada de la primavera abandonan Extremadura para volver a sus norte\u00f1as tierras a reproducirse.<\/p>\n<p><a href=\"\/verdeconciencia\/wp-content\/uploads\/sites\/50\/2012\/08\/blogchema23.jpg\"><img loading=\"lazy\" class=\"alignright size-medium wp-image-25\" title=\"blogchema2\" src=\"\/verdeconciencia\/wp-content\/uploads\/sites\/50\/2012\/08\/blogchema23.jpg\" alt=\"\" width=\"300\" height=\"225\" srcset=\"https:\/\/static-blogs.hoy.es\/wp-content\/uploads\/sites\/50\/2012\/08\/blogchema23.jpg 1000w, https:\/\/static-blogs.hoy.es\/wp-content\/uploads\/sites\/50\/2012\/08\/blogchema23-300x225.jpg 300w, https:\/\/static-blogs.hoy.es\/wp-content\/uploads\/sites\/50\/2012\/08\/blogchema23-768x576.jpg 768w\" sizes=\"(max-width: 300px) 100vw, 300px\" \/><\/a><\/p>\n<p>Hasta aqu\u00ed nada anormal, la sorpresa es que este s\u00e1bado he realizado un recorrido de campo por el entorno de la V\u00eda de la Plata, a unos cinco kil\u00f3metros al sur de C\u00e1ceres, en la Dehesa del Trasquil\u00f3n, donde se encuentra una preciosa casa palacio del siglo XVII, que en estos momentos est\u00e1 restaur\u00e1ndose, y que entre otros tesoros tiene en sus caballerizas varios miliarios de la V\u00eda de la Plata, que han sido reutilizados como columnas para sujetar el techo de la nave. Pues bien, en el entorno de la casa se encuentra un embalse que, a pesar de que su nivel es bajo, a\u00fan mantiene una cantidad apreciable de agua. En el entorno de ese embalse hab\u00eda una interesante concentraci\u00f3n de aves: garzas reales, cig\u00fce\u00f1uelas, an\u00e1tidas, lim\u00edcolas y lo m\u00e1s sorprendente: dos bandos de aguanieves uno de ellos con m\u00e1s de 50 ejemplares. Evidentemente la mayor parte de las especies citadas son f\u00e1ciles de ver en Extremadura en esta \u00e9poca, pero encontrar un centenar de aguanieves en pleno mes de agosto y con temperaturas cercanas a los cuarenta grados, resulta sumamente sorprendente. En aquel momento no llevaba c\u00e1mara y \u00f3pticas para poder hacer una buena fotograf\u00eda pero s\u00ed mi peque\u00f1a Lumix, suficiente para poder obtener un documento que muestre de forma fehaciente que un ave t\u00edpicamente invernante se encuentra en un n\u00famero importante en el entorno de C\u00e1ceres, en pleno verano; eso s\u00ed concentradas en un lugar donde el peque\u00f1o embalse utilizado como abrevadero se convierte, por culpa de la extrema sequ\u00eda de este a\u00f1o, en un para\u00edso para las aves.<\/p>\n<p>&nbsp;<\/p>\n<p>El aguanieve es una ave inconfundible por su caracter\u00edstica cresta de finas plumas, pico muy corto y plumaje iridiscente en la cabeza, garganta, dorso y alas, negras con brillos verdosos metalizados. El vientre, en contraste, es blanco. La hembra presenta cresta m\u00e1s corta y tonos negros de la cabeza menos marcados.<\/p>\n<p>&nbsp;<\/p>\n<p>Hice varias fotos de las aguanieves y de uno de los bandos que finalmente se perdi\u00f3 volando sobre los restos de la Mina La Uni\u00f3n, una de las numerosas minas existentes en El Trasquil\u00f3n de C\u00e1ceres, que al comienzo de los a\u00f1os 50 explotaba diversos filones de cuarzo provistos de casiterita. Una mina que se mantuvo en explotaci\u00f3n hasta los primeros a\u00f1os de la d\u00e9cada de los 70, y en la que llegaron a trabajar hasta 150 obreros. En fin, uno de esos espect\u00e1culos extraordinarios que nos brinda el entorno de C\u00e1ceres, que, a pesar de su importancia, no consigue destacar ante el fulgor de la vieja ciudad monumental.<\/p>\n<!-- AddThis Advanced Settings generic via filter on the_content --><!-- AddThis Share Buttons generic via filter on the_content -->","protected":false},"excerpt":{"rendered":"<p>Si hay alg\u00fan animal cuyo nombre nos informe sobre su costumbre migratoria es el avefr\u00eda, conocida en Extremadura con el nombre de aguanieves y en algunos pueblos como aguzanieves. Una ave migratoria que procedente de los territorios del norte de Europa llega a tierras extreme\u00f1as con los fr\u00edos oto\u00f1ales, es decir: estamos ante una ave [&hellip;]<!-- AddThis Advanced Settings generic via filter on get_the_excerpt --><!-- AddThis Share Buttons generic via filter on get_the_excerpt --><\/p>\n","protected":false},"author":52,"featured_media":0,"comment_status":"open","ping_status":"closed","sticky":false,"template":"","format":"standard","meta":[],"categories":[3],"tags":[10,25,26,65],"_links":{"self":[{"href":"https:\/\/blogs.hoy.es\/verdeconciencia\/wp-json\/wp\/v2\/posts\/19"}],"collection":[{"href":"https:\/\/blogs.hoy.es\/verdeconciencia\/wp-json\/wp\/v2\/posts"}],"about":[{"href":"https:\/\/blogs.hoy.es\/verdeconciencia\/wp-json\/wp\/v2\/types\/post"}],"author":[{"embeddable":true,"href":"https:\/\/blogs.hoy.es\/verdeconciencia\/wp-json\/wp\/v2\/users\/52"}],"replies":[{"embeddable":true,"href":"https:\/\/blogs.hoy.es\/verdeconciencia\/wp-json\/wp\/v2\/comments?post=19"}],"version-history":[{"count":0,"href":"https:\/\/blogs.hoy.es\/verdeconciencia\/wp-json\/wp\/v2\/posts\/19\/revisions"}],"wp:attachment":[{"href":"https:\/\/blogs.hoy.es\/verdeconciencia\/wp-json\/wp\/v2\/media?parent=19"}],"wp:term":[{"taxonomy":"category","embeddable":true,"href":"https:\/\/blogs.hoy.es\/verdeconciencia\/wp-json\/wp\/v2\/categories?post=19"},{"taxonomy":"post_tag","embeddable":true,"href":"https:\/\/blogs.hoy.es\/verdeconciencia\/wp-json\/wp\/v2\/tags?post=19"}],"curies":[{"name":"wp","href":"https:\/\/api.w.org\/{rel}","templated":true}]}}