{"id":27,"date":"2012-09-19T09:56:48","date_gmt":"2012-09-19T09:56:48","guid":{"rendered":"http:\/\/blogs.hoy.es\/verdeconciencia\/?p=27"},"modified":"2012-09-19T09:56:48","modified_gmt":"2012-09-19T09:56:48","slug":"crisis-que-crisis","status":"publish","type":"post","link":"https:\/\/blogs.hoy.es\/verdeconciencia\/2012\/09\/19\/crisis-que-crisis\/","title":{"rendered":"\u00bfCrisis? \u00bfQu\u00e9 crisis?"},"content":{"rendered":"<div id=\"attachment_29\" style=\"width: 310px\" class=\"wp-caption alignright\"><a href=\"\/verdeconciencia\/wp-content\/uploads\/sites\/50\/2012\/09\/C\u00c1CERES-TAPIZ-051.jpg\"><img aria-describedby=\"caption-attachment-29\" loading=\"lazy\" class=\"size-medium wp-image-29\" title=\"Tapiz en C\u00e1ceres\" src=\"\/verdeconciencia\/wp-content\/uploads\/sites\/50\/2012\/09\/C\u00c1CERES-TAPIZ-051.jpg\" alt=\"Tapiz en C\u00e1ceres\" width=\"300\" height=\"199\" srcset=\"https:\/\/static-blogs.hoy.es\/wp-content\/uploads\/sites\/50\/2012\/09\/C\u00c1CERES-TAPIZ-051.jpg 800w, https:\/\/static-blogs.hoy.es\/wp-content\/uploads\/sites\/50\/2012\/09\/C\u00c1CERES-TAPIZ-051-300x200.jpg 300w, https:\/\/static-blogs.hoy.es\/wp-content\/uploads\/sites\/50\/2012\/09\/C\u00c1CERES-TAPIZ-051-768x511.jpg 768w\" sizes=\"(max-width: 300px) 100vw, 300px\" \/><\/a><p id=\"caption-attachment-29\" class=\"wp-caption-text\">Tapiz en C\u00e1ceres<\/p><\/div>\n<p>Ya s\u00e9 que en estos tiempos, cuando tanta gente lo estamos pasando mal, el t\u00edtulo que antecede a estas reflexiones puede resultar molesto, por no decir otra cosa, pero ha de ser una llamada a la <strong>reflexi\u00f3n<\/strong> para que nos demos cuenta que, en \u00e9pocas como \u00e9sta, hay quienes no solo no lo est\u00e1n pasando mal, sino que esta situaci\u00f3n la han convertido en una <strong>buena oportunidad de negocio y crecimiento<\/strong>.<\/p>\n<p>Cualquier cacere\u00f1o o persona que se acerque a C\u00e1ceres podr\u00e1 comprobar que, en estos duros momentos, se est\u00e1 construyendo un gigantesco <strong>Mercadona en la carretera de Valencia de Alc\u00e1ntara<\/strong> entre C\u00e1ceres y Malpartida, que se acaba de reformar el <strong>Carrefour<\/strong> existente no muy lejos del anterior, que est\u00e1 en obras la ampliaci\u00f3n del <strong>Lidl del Vivero,<\/strong> que se est\u00e1 finalizando un nuevo <strong>McDonalds en la Ronda Norte<\/strong>, y otras muchas obras que como ciudadano o bien no conozco o no han llamado mi atenci\u00f3n.<\/p>\n<p>Estas mismas circunstancias se est\u00e1n produciendo en otras ciudades de nuestro entorno, y el mejor ejemplo es el nuevo macrocentro comercial <strong>El Faro a la entrada de Badajoz<\/strong> desde Elvas inaugurado estos d\u00edas de atr\u00e1s con gran alarde medi\u00e1tico.<\/p>\n<div id=\"attachment_28\" style=\"width: 310px\" class=\"wp-caption alignright\"><a href=\"\/verdeconciencia\/wp-content\/uploads\/sites\/50\/2012\/09\/C\u00c1CERES-TAPIZ-079.jpg\"><img aria-describedby=\"caption-attachment-28\" loading=\"lazy\" class=\"size-medium wp-image-28\" title=\"Tapiz en C\u00e1ceres\" src=\"\/verdeconciencia\/wp-content\/uploads\/sites\/50\/2012\/09\/C\u00c1CERES-TAPIZ-079.jpg\" alt=\"Tapiz en C\u00e1ceres\" width=\"300\" height=\"199\" srcset=\"https:\/\/static-blogs.hoy.es\/wp-content\/uploads\/sites\/50\/2012\/09\/C\u00c1CERES-TAPIZ-079.jpg 1000w, https:\/\/static-blogs.hoy.es\/wp-content\/uploads\/sites\/50\/2012\/09\/C\u00c1CERES-TAPIZ-079-300x200.jpg 300w, https:\/\/static-blogs.hoy.es\/wp-content\/uploads\/sites\/50\/2012\/09\/C\u00c1CERES-TAPIZ-079-768x511.jpg 768w\" sizes=\"(max-width: 300px) 100vw, 300px\" \/><\/a><p id=\"caption-attachment-28\" class=\"wp-caption-text\">Tapiz en C\u00e1ceres<\/p><\/div>\n<p>Evidentemente nada que objetar a que empresas con facturaciones millonarias ampl\u00eden su capital aun en periodo de crisis y generen puestos de trabajo en el futuro. Aunque a veces las obras se limitan a colocar edificios prefabricados con ayuda de potentes gr\u00faas en explanadas ya creadas, con lo que <strong>la mano de obra poco cualificada tiene pocas posibilidades de trabajar<\/strong>, incluso en la fase de obras.<\/p>\n<p>Finalizadas las obras las empresas convocan a bombo y platillo las plazas, generalmente a modo de publicidad, ya que les bastar\u00eda acercarse a las oficinas del <a href=\"http:\/\/www.sepe.es\/contenido\/intermedia.html\" target=\"_blank\"><strong>INEM<\/strong><\/a> para disponer de un listado sin fin de posible candidatos.<\/p>\n<p>Muchas de estas convocatorias exigen estudios de Bachillerato a los participantes para tareas que no requieren estos estudios, de hecho no les preguntan qu\u00e9 modalidad de Bachillerato cursaron, aunque si quisieran podr\u00edan conseguir licenciados, e incluso doctores para ocupar las plazas de sus convocatorias.<\/p>\n<p>Este verano se han cumplido 5 a\u00f1os desde que dise\u00f1\u00e9 y llev\u00e9 a cabo con la <a href=\"http:\/\/www.upa-uceextremadura.com\/index.php\" target=\"_blank\"><strong>Uni\u00f3n de Peque\u00f1os Agricultores de Extremadura<\/strong><\/a> un gigantesco tapiz de frutas, que ocup\u00f3 la <strong><a href=\"http:\/\/www.hoy.es\/20080716\/caceres\/reclamara-precios-justos-para-20080716.html\" target=\"_blank\">Plaza Mayor de C\u00e1ceres<\/a> durante cuatro d\u00edas<\/strong>, a la manera del que cada cuatro a\u00f1os se realiza con flores de begonias en la <strong>Gran Place de Bruselas<\/strong>. Objetivo: <strong>llamar la atenci\u00f3n de los ciudadanos sobre el precio que reciben los agricultores por sus magn\u00edficos productos<\/strong>, y adem\u00e1s en aquel momento sumarnos a la <a href=\"http:\/\/www.ayto-caceres.es\/node\/1310\" target=\"_blank\"><strong>candidatura de C\u00e1ceres como Ciudad Europea de la Cultura<\/strong><\/a>.<\/p>\n<p>La experiencia me brind\u00f3 la oportunidad de compartir muchas horas con los agricultores, cooperativistas, transportistas y por supuesto los representes de UPA, creo que aprendimos mucho, yo al menos as\u00ed lo hice; de todo ello me llam\u00f3 la atenci\u00f3n un comentario que el responsable de una de las grandes empresas nacionales del comercio le hab\u00eda hecho a<a href=\"http:\/\/www.hoy.es\/multimedia\/fotos\/ultimos\/67314-lorenzo-ramos-zona-paso-0.html\" target=\"_blank\"> <strong>Lorenzo Ramos, presidente de UPA<\/strong><\/a>: \u201caunque nos regalaseis los melocotones, nosotros no los vender\u00edamos por menos de 60 c\u00e9ntimos\u201d.<\/p>\n<p>Durante mucho tiempo pens\u00e9 en este comentario y hasta bastante despu\u00e9s no lo entend\u00ed. En una gran superficie no interesa vender melocotones a 50 c\u00e9ntimos, m\u00e1s del doble que lo que le pagan a los agricultores, que ya est\u00e1 bien, porque los ciudadanos se llevar\u00edan bolsas o cajas de estas frutas pero no comprar\u00edan las mil y una frutas de fuera de temporada y procedentes de destinos a menudo de allende los mares, expuestas a su lado. A las grandes superficies <strong>les interesa vender de todo<\/strong>, y si es posible mucho, y utilizan algunos productos solo como llamada, pero a precios convenientemente estudiados.<\/p>\n<p>No voy a coger un carrito y entrar en una de estas grandes superficies, llenarlo y salir sin pagar, pero s\u00ed quisiera que reflexion\u00e1semos sobre esta <strong>locura que vivimos<\/strong>, y sobre c\u00f3mo es posible que un espa\u00f1ol sea considerado como uno de los tres m\u00e1s ricos del mundo, o que una <strong>gran superficie de nombre absolutamente machista<\/strong> crezca sin parar, mientras cada d\u00eda se cierran las tiendas de nuestros pueblos y ciudades, y a nuestros agricultores les imponen condiciones cada vez m\u00e1s duras para vender su productos.<\/p>\n<p>&nbsp;<\/p>\n<!-- AddThis Advanced Settings generic via filter on the_content --><!-- AddThis Share Buttons generic via filter on the_content -->","protected":false},"excerpt":{"rendered":"<p>Ya s\u00e9 que en estos tiempos, cuando tanta gente lo estamos pasando mal, el t\u00edtulo que antecede a estas reflexiones puede resultar molesto, por no decir otra cosa, pero ha de ser una llamada a la reflexi\u00f3n para que nos demos cuenta que, en \u00e9pocas como \u00e9sta, hay quienes no solo no lo est\u00e1n pasando [&hellip;]<!-- AddThis Advanced Settings generic via filter on get_the_excerpt --><!-- AddThis Share Buttons generic via filter on get_the_excerpt --><\/p>\n","protected":false},"author":52,"featured_media":0,"comment_status":"open","ping_status":"closed","sticky":false,"template":"","format":"standard","meta":[],"categories":[2],"tags":[39,43,54,57,65,92,97,98,115,137,142],"_links":{"self":[{"href":"https:\/\/blogs.hoy.es\/verdeconciencia\/wp-json\/wp\/v2\/posts\/27"}],"collection":[{"href":"https:\/\/blogs.hoy.es\/verdeconciencia\/wp-json\/wp\/v2\/posts"}],"about":[{"href":"https:\/\/blogs.hoy.es\/verdeconciencia\/wp-json\/wp\/v2\/types\/post"}],"author":[{"embeddable":true,"href":"https:\/\/blogs.hoy.es\/verdeconciencia\/wp-json\/wp\/v2\/users\/52"}],"replies":[{"embeddable":true,"href":"https:\/\/blogs.hoy.es\/verdeconciencia\/wp-json\/wp\/v2\/comments?post=27"}],"version-history":[{"count":0,"href":"https:\/\/blogs.hoy.es\/verdeconciencia\/wp-json\/wp\/v2\/posts\/27\/revisions"}],"wp:attachment":[{"href":"https:\/\/blogs.hoy.es\/verdeconciencia\/wp-json\/wp\/v2\/media?parent=27"}],"wp:term":[{"taxonomy":"category","embeddable":true,"href":"https:\/\/blogs.hoy.es\/verdeconciencia\/wp-json\/wp\/v2\/categories?post=27"},{"taxonomy":"post_tag","embeddable":true,"href":"https:\/\/blogs.hoy.es\/verdeconciencia\/wp-json\/wp\/v2\/tags?post=27"}],"curies":[{"name":"wp","href":"https:\/\/api.w.org\/{rel}","templated":true}]}}