{"id":37,"date":"2012-11-16T19:22:17","date_gmt":"2012-11-16T19:22:17","guid":{"rendered":"http:\/\/blogs.hoy.es\/verdeconciencia\/?p=37"},"modified":"2012-11-16T19:22:17","modified_gmt":"2012-11-16T19:22:17","slug":"tiempo-de-castanas","status":"publish","type":"post","link":"https:\/\/blogs.hoy.es\/verdeconciencia\/2012\/11\/16\/tiempo-de-castanas\/","title":{"rendered":"Tiempo de casta\u00f1as"},"content":{"rendered":"<p>Los dos primeros fines de semana de oto\u00f1o celebran en <strong>Cabeza la Vaca y Marvao<\/strong> las conocidas como <strong>fiestas de la casta\u00f1a<\/strong>. He tenido el honor de pregonar la \u00fanica de estas fiestas que se realiza en <strong>Extremadura<\/strong>, una oportunidad magn\u00edfica de aprender m\u00e1s sobre un \u00e1rbol maravilloso, y un fruto con mucho por contar y mucho ya contado, y sobre todo de disfrutar de sus paisajes y su paisanaje.<\/p>\n<div id=\"attachment_38\" style=\"width: 310px\" class=\"wp-caption alignright\"><a href=\"\/verdeconciencia\/wp-content\/uploads\/sites\/50\/2012\/11\/CASTA\u00d1O-DE-LA-SANGR\u00cdA-CABEZA-LA-VACA-260912-106.jpg\"><img aria-describedby=\"caption-attachment-38\" loading=\"lazy\" class=\"size-medium wp-image-38\" title=\"Casta\u00f1o de La Sangr\u00eda \" src=\"\/verdeconciencia\/wp-content\/uploads\/sites\/50\/2012\/11\/CASTA\u00d1O-DE-LA-SANGR\u00cdA-CABEZA-LA-VACA-260912-106.jpg\" alt=\"Casta\u00f1o de La Sangr\u00eda \" width=\"300\" height=\"225\" srcset=\"https:\/\/static-blogs.hoy.es\/wp-content\/uploads\/sites\/50\/2012\/11\/CASTA\u00d1O-DE-LA-SANGR\u00cdA-CABEZA-LA-VACA-260912-106.jpg 650w, https:\/\/static-blogs.hoy.es\/wp-content\/uploads\/sites\/50\/2012\/11\/CASTA\u00d1O-DE-LA-SANGR\u00cdA-CABEZA-LA-VACA-260912-106-300x225.jpg 300w\" sizes=\"(max-width: 300px) 100vw, 300px\" \/><\/a><p id=\"caption-attachment-38\" class=\"wp-caption-text\">Casta\u00f1o de La Sangr\u00eda<\/p><\/div>\n<p>El pasado verano estudiando los bosques del sur de la provincia de Badajoz nos acercamos hasta la<strong> comarca de Tentud\u00eda<\/strong> en busca de los casta\u00f1ares existentes en la zona, trat\u00e1bamos de encontrar alg\u00fan casta\u00f1o o rodal de \u00e9stos que mereciera ser considerado como \u00e1rbol monumental. Con la ayuda inestimables de dos agentes de medio ambiente, <strong>Nati y Nacho<\/strong>, conseguimos nuestro objetivo y hallamos un magn\u00edfico rodal de casta\u00f1os en el paraje conocido como Palancares, haciendo frontera con la provincia de <strong>Huelva<\/strong>, y un \u00e1rbol monumental con m\u00e1s de 9 metros de per\u00edmetro en <strong>La Sangr\u00eda<\/strong>, a menos de dos kil\u00f3metros de Cabeza la Vaca, seguramente el <strong>casta\u00f1o m\u00e1s grande de Badajoz<\/strong><\/p>\n<p>Mi admiraci\u00f3n por el casta\u00f1o creo que se debe a que, adem\u00e1s de un \u00e1rbol bello y \u00fatil, es una suma de sensaciones diferentes: es un fruto, un color, y multitud de olores y sabores. Un todo rural con un mucho urbano, el <strong>Paseo de C\u00e1novas<\/strong> tiene su quiosco de venta de casta\u00f1as asadas y hasta la capital de la Villa y Corte tiene en calles y plazas aromas de casta\u00f1a.<\/p>\n<p>\u00bfC\u00f3mo debemos decir?: \u00bf<strong>tostadas o asadas?;<\/strong> si <strong>tostar<\/strong> es poner un alimento al fuego para que tome color sin que se queme, y <strong>asar,<\/strong> hacer comestible un alimento por la acci\u00f3n directa del fuego, mejor ser\u00eda decir asadas, aunque si lo que utilizamos es una vieja sart\u00e9n descascarillada a la que convenientemente abrimos agujeros con ayuda de una p\u00faa y un martillo, lo que hacemos es asar y tostar al mismo tiempo. Pero lo mejor para hacerlas es utilizar un asador de casta\u00f1as hecho en barro por los alfareros de Salvatierra. Malos tiempos estos de las vitrocer\u00e1micas, las placas de inducci\u00f3n y los hornos de microondas para asar casta\u00f1as, mejor los tiempos llamados de <strong>Maricasta\u00f1a,<\/strong> que dec\u00edan nuestros mayores, con sus braseros y fogones.<\/p>\n<p>Ya ven que se trata de una palabra polis\u00e9mica como pocas, que otorga gracia y frescura a nuestro lenguaje. Una casta\u00f1a es el <strong>fruto del casta\u00f1o<\/strong>, <strong>una vasija<\/strong> o frasco de forma semejante a la de la casta\u00f1a que se<strong> <\/strong>emplea para contener l\u00edquidos, <strong>una especie de mo\u00f1o<\/strong> que con el pelo se hacen las mujeres en la parte posterior de la cabeza, <strong>una <a href=\"http:\/\/lema.rae.es\/drae\/srv\/search?id=kjp014JDCDXX28TZPCg0#0_1\">borrachera<\/a><\/strong>, <strong>una bofetada, un cachete, un golpe, un trompazo o choque<\/strong>, o una <strong>persona<\/strong> o cosa <strong>aburrida<\/strong> o fastidiosa.<\/p>\n<p>Decimos de dos cosas muy distintas <strong>que se parecen como un huevo a una casta\u00f1a<\/strong> y cuando ayudamos a alguien a hacer una tarea dif\u00edcil o a resolver un problema, le estamos <strong>sacando las casta\u00f1as del fuego, <\/strong>alguien est\u00e1<strong> arrugado como una casta\u00f1a, <\/strong>cuando el paso del tiempo inexorable hace estragos en la piel, y <strong>repartir casta\u00f1as<\/strong> ya sabemos todos lo que es.<\/p>\n<p>Alimento matahambre en \u00e9pocas pasadas, \u00fanico accesible a los desheredados de esta tierra, ocupa ahora los fogones de nuestros m\u00e1s prestigiosos cocineros y acapara las cartas de postre de nuestros restaurantes. Podemos tomarlas cocidas en leche , en p\u00fadin y pur\u00e9, en mermelada y convertidas en licor o transformadas en el exquisito marr\u00f3n glac\u00e9; o comerlas crudas o asadas o tostadas, en unos casos sentados en una agradable sobremesa o bien caminado por ca\u00f1adas, veredas, cordeles y coladas que en esta \u00e9poca tienen el suelo tapizado de las verdes, amarillas, ocres y rojizas hojas de los casta\u00f1os y robles, y de los erizones y bellotas de estos \u00e1rboles.<\/p>\n<p>&nbsp;<\/p>\n<p style=\"text-align: right;\"><strong>Por Jos\u00e9 Mar\u00eda Corrales V\u00e1zquez<\/strong><\/p>\n<p style=\"text-align: right;\">\n<p style=\"text-align: right;\">\n<!-- AddThis Advanced Settings generic via filter on the_content --><!-- AddThis Share Buttons generic via filter on the_content -->","protected":false},"excerpt":{"rendered":"<p>Los dos primeros fines de semana de oto\u00f1o celebran en Cabeza la Vaca y Marvao las conocidas como fiestas de la casta\u00f1a. He tenido el honor de pregonar la \u00fanica de estas fiestas que se realiza en Extremadura, una oportunidad magn\u00edfica de aprender m\u00e1s sobre un \u00e1rbol maravilloso, y un fruto con mucho por contar [&hellip;]<!-- AddThis Advanced Settings generic via filter on get_the_excerpt --><!-- AddThis Share Buttons generic via filter on get_the_excerpt --><\/p>\n","protected":false},"author":52,"featured_media":0,"comment_status":"open","ping_status":"closed","sticky":false,"template":"","format":"standard","meta":[],"categories":[5],"tags":[6,20,32,33,37,40,45,47,53,65,67,73,78,84,90,94,96,103,110,114,121,125,129,140,141],"_links":{"self":[{"href":"https:\/\/blogs.hoy.es\/verdeconciencia\/wp-json\/wp\/v2\/posts\/37"}],"collection":[{"href":"https:\/\/blogs.hoy.es\/verdeconciencia\/wp-json\/wp\/v2\/posts"}],"about":[{"href":"https:\/\/blogs.hoy.es\/verdeconciencia\/wp-json\/wp\/v2\/types\/post"}],"author":[{"embeddable":true,"href":"https:\/\/blogs.hoy.es\/verdeconciencia\/wp-json\/wp\/v2\/users\/52"}],"replies":[{"embeddable":true,"href":"https:\/\/blogs.hoy.es\/verdeconciencia\/wp-json\/wp\/v2\/comments?post=37"}],"version-history":[{"count":0,"href":"https:\/\/blogs.hoy.es\/verdeconciencia\/wp-json\/wp\/v2\/posts\/37\/revisions"}],"wp:attachment":[{"href":"https:\/\/blogs.hoy.es\/verdeconciencia\/wp-json\/wp\/v2\/media?parent=37"}],"wp:term":[{"taxonomy":"category","embeddable":true,"href":"https:\/\/blogs.hoy.es\/verdeconciencia\/wp-json\/wp\/v2\/categories?post=37"},{"taxonomy":"post_tag","embeddable":true,"href":"https:\/\/blogs.hoy.es\/verdeconciencia\/wp-json\/wp\/v2\/tags?post=37"}],"curies":[{"name":"wp","href":"https:\/\/api.w.org\/{rel}","templated":true}]}}