{"id":39,"date":"2013-07-04T17:58:54","date_gmt":"2013-07-04T17:58:54","guid":{"rendered":"http:\/\/blogs.hoy.es\/verdeconciencia\/?p=39"},"modified":"2013-07-04T17:58:54","modified_gmt":"2013-07-04T17:58:54","slug":"de-higos-y-brevas","status":"publish","type":"post","link":"https:\/\/blogs.hoy.es\/verdeconciencia\/2013\/07\/04\/de-higos-y-brevas\/","title":{"rendered":"De higos y brevas"},"content":{"rendered":"<p>Seguramente habr\u00e1 quien me corrija y piense que he cambiado la preposici\u00f3n al conocido refr\u00e1n que empleamos cuando queremos decir que algo no volver\u00e1 a ocurrir hasta pasado bastante tiempo. Pero no, intencionadamente he querido traer la frase para hablar del \u00e1rbol que nos brinda tan preciados frutos\u00a0 y al que solemos considerar como aut\u00f3ctono de nuestras latitudes, a pesar de proceder de <strong>Asia sudoccidental<\/strong>, y ser una especie correspondiente al <strong>g\u00e9nero Ficus<\/strong>, caracter\u00edstico de <strong>climas tropicales<\/strong> del viejo y del nuevo mundo, donde se desarrollan impresionantes \u00e1rboles que podemos ver, a veces, en jardines de aclimataci\u00f3n de nuestro entorno.<a href=\"\/verdeconciencia\/wp-content\/uploads\/sites\/50\/2013\/07\/blogbuena.jpg\"><img loading=\"lazy\" class=\"alignright size-medium wp-image-40\" title=\"De higos a brevas\" src=\"\/verdeconciencia\/wp-content\/uploads\/sites\/50\/2013\/07\/blogbuena.jpg\" alt=\"De higos a brevas\" width=\"300\" height=\"225\" srcset=\"https:\/\/static-blogs.hoy.es\/wp-content\/uploads\/sites\/50\/2013\/07\/blogbuena.jpg 1000w, https:\/\/static-blogs.hoy.es\/wp-content\/uploads\/sites\/50\/2013\/07\/blogbuena-300x225.jpg 300w, https:\/\/static-blogs.hoy.es\/wp-content\/uploads\/sites\/50\/2013\/07\/blogbuena-768x576.jpg 768w\" sizes=\"(max-width: 300px) 100vw, 300px\" \/><\/a><\/p>\n<p>&nbsp;<\/p>\n<p>Es posible que alguien\u00a0 hubiera pensado que de lo que hablaba en realidad es de la acepci\u00f3n sexual que las palabras <strong>higo y brevas<\/strong> tienen en nuestro entorno, y que relacionamos con la forma de los atributos femeninos, el pubis e incluso el \u00fatero materno, que nos recuerda a un higo invertido;\u00a0 pero es m\u00e1s, el parecido se acent\u00faa si yo les digo que el higo y la breva no son realmente frutos, sino un saco o almac\u00e9n que tiene en su interior multitud de frutos procedente de millares de flores contenidas en lo que conocemos como <strong>sicono<\/strong>, que no es otra cosa que nuestros higos y brevas.<\/p>\n<p>&nbsp;<\/p>\n<p>La <strong>higuera<\/strong> es un \u00e1rbol que produce dos floraciones, no s\u00e9 si esto son reminiscencias de sus cong\u00e9neres tropicales, pero lo que s\u00ed es cierto, es que despu\u00e9s del verano comienza a desarrollar unas <strong>peque\u00f1as brevas<\/strong> que permanecen en el \u00e1rbol durante el invierno, y que <strong>madurar\u00e1n al final de la primavera<\/strong>, produciendo las apreciadas brevas que adornan en este momento las higueras de nuestro entorno. Junto a las brevas, podremos apreciar que existen un buen n\u00famero de peque\u00f1os <strong>higos<\/strong>, que estar\u00e1n <strong>maduros a mediados o finales de agosto<\/strong>. Es decir, <strong>el periodo que transcurre de brevas a higos es un tiempo corto<\/strong>, mientras que el que discurre entre higos y brevas es un largo tiempo, como muy bien nos cuenta la sabidur\u00eda popular.<\/p>\n<p>&nbsp;<\/p>\n<p>Sin entrar en mucho detalle comentar\u00e9 que algunas higueras, llamadas <strong>breveras<\/strong>, son una especie llamada <strong>b\u00edfera o refloreciente<\/strong>, es decir, que producen dos cosechas al a\u00f1o, pero no contar\u00e9 hoy como se produce la fecundaci\u00f3n de sus flores gracias a una peque\u00f1a avispa que se introduce en el interior del higo, llegando a perder sus alas, fecundando las flores internas contenidas en el sicono, un magn\u00edfico ejemplo de evoluci\u00f3n y adaptaci\u00f3n de especies; ni hablar\u00e9 tampoco de las higueras conocidas como\u00a0 cabrahigos o higueras macho, ni de la curiosa coincidencia de que la higuera sea el \u00fanico ficus de hoja caduca. Ser\u00e1 en otro post y esperemos que no sea de higos a brevas.<\/p>\n<p>&nbsp;<\/p>\n<p>&nbsp;<\/p>\n<p style=\"text-align: right;\"><strong>Por Jos\u00e9 Mar\u00eda Corrales V\u00e1zquez<\/strong><\/p>\n<p style=\"text-align: right;\">\n<p style=\"text-align: right;\">\n<!-- AddThis Advanced Settings generic via filter on the_content --><!-- AddThis Share Buttons generic via filter on the_content -->","protected":false},"excerpt":{"rendered":"<p>Seguramente habr\u00e1 quien me corrija y piense que he cambiado la preposici\u00f3n al conocido refr\u00e1n que empleamos cuando queremos decir que algo no volver\u00e1 a ocurrir hasta pasado bastante tiempo. Pero no, intencionadamente he querido traer la frase para hablar del \u00e1rbol que nos brinda tan preciados frutos\u00a0 y al que solemos considerar como aut\u00f3ctono [&hellip;]<!-- AddThis Advanced Settings generic via filter on get_the_excerpt --><!-- AddThis Share Buttons generic via filter on get_the_excerpt --><\/p>\n","protected":false},"author":52,"featured_media":0,"comment_status":"open","ping_status":"closed","sticky":false,"template":"","format":"standard","meta":[],"categories":[2,5],"tags":[7,19,21,23,27,31,34,35,38,51,59,62,66,70,74,77,80,81,82,83,85,89,113,116,120,124,150],"_links":{"self":[{"href":"https:\/\/blogs.hoy.es\/verdeconciencia\/wp-json\/wp\/v2\/posts\/39"}],"collection":[{"href":"https:\/\/blogs.hoy.es\/verdeconciencia\/wp-json\/wp\/v2\/posts"}],"about":[{"href":"https:\/\/blogs.hoy.es\/verdeconciencia\/wp-json\/wp\/v2\/types\/post"}],"author":[{"embeddable":true,"href":"https:\/\/blogs.hoy.es\/verdeconciencia\/wp-json\/wp\/v2\/users\/52"}],"replies":[{"embeddable":true,"href":"https:\/\/blogs.hoy.es\/verdeconciencia\/wp-json\/wp\/v2\/comments?post=39"}],"version-history":[{"count":0,"href":"https:\/\/blogs.hoy.es\/verdeconciencia\/wp-json\/wp\/v2\/posts\/39\/revisions"}],"wp:attachment":[{"href":"https:\/\/blogs.hoy.es\/verdeconciencia\/wp-json\/wp\/v2\/media?parent=39"}],"wp:term":[{"taxonomy":"category","embeddable":true,"href":"https:\/\/blogs.hoy.es\/verdeconciencia\/wp-json\/wp\/v2\/categories?post=39"},{"taxonomy":"post_tag","embeddable":true,"href":"https:\/\/blogs.hoy.es\/verdeconciencia\/wp-json\/wp\/v2\/tags?post=39"}],"curies":[{"name":"wp","href":"https:\/\/api.w.org\/{rel}","templated":true}]}}