{"id":42,"date":"2013-08-20T11:53:15","date_gmt":"2013-08-20T11:53:15","guid":{"rendered":"http:\/\/blogs.hoy.es\/verdeconciencia\/?p=42"},"modified":"2013-08-20T11:53:15","modified_gmt":"2013-08-20T11:53:15","slug":"peligro-jabalies-sueltos","status":"publish","type":"post","link":"https:\/\/blogs.hoy.es\/verdeconciencia\/2013\/08\/20\/peligro-jabalies-sueltos\/","title":{"rendered":"Peligro jabal\u00edes sueltos"},"content":{"rendered":"<p>Ya s\u00e9 que no es noticia que un hombre se adentre en las zonas m\u00e1s v\u00edrgenes de un espacio protegido, incluso que construya una casita en medio de un paraje magn\u00edficamente conservado o que quiera navegar por el coraz\u00f3n de nuestro \u00fanico parque nacional. Lo que s\u00ed es noticia, es que manadas de jabal\u00edes bajen a la ciudad de C\u00e1ceres y se alimente en las rotondas que nosotros hemos creado sin duda en lo que antes era una bajada natural de la monta\u00f1a a la Vega del Mocho.<\/p>\n<div id=\"attachment_43\" style=\"width: 310px\" class=\"wp-caption alignright\"><a href=\"\/verdeconciencia\/wp-content\/uploads\/sites\/50\/2013\/08\/JABALIES-CC-190813-019.jpg\"><img aria-describedby=\"caption-attachment-43\" loading=\"lazy\" class=\"size-medium wp-image-43\" title=\"Huellas de jabal\u00edes junto a la Comandancia de la Guardia Civil \" src=\"\/verdeconciencia\/wp-content\/uploads\/sites\/50\/2013\/08\/JABALIES-CC-190813-019.jpg\" alt=\"Huellas de jabal\u00edes junto a la Comandancia de la Guardia Civil \" width=\"300\" height=\"225\" srcset=\"https:\/\/static-blogs.hoy.es\/wp-content\/uploads\/sites\/50\/2013\/08\/JABALIES-CC-190813-019.jpg 1000w, https:\/\/static-blogs.hoy.es\/wp-content\/uploads\/sites\/50\/2013\/08\/JABALIES-CC-190813-019-300x225.jpg 300w, https:\/\/static-blogs.hoy.es\/wp-content\/uploads\/sites\/50\/2013\/08\/JABALIES-CC-190813-019-768x576.jpg 768w\" sizes=\"(max-width: 300px) 100vw, 300px\" \/><\/a><p id=\"caption-attachment-43\" class=\"wp-caption-text\">Huellas de jabal\u00edes junto a la Comandancia de la Guardia Civil<\/p><\/div>\n<p>Y es noticia, que si no se toma en serio ser\u00e1 tr\u00e1gica noticia, que estos animales en n\u00famero de hasta 11 ejemplares en grupos formados por padres, jabatos y rayones son un peligro para la circulaci\u00f3n y pueden serlo para las personas, ya que con los jabal\u00edes no se juega.<\/p>\n<p>De momento su presencia ya ha sido advertida por las autoridades, pero no parce que se haya tomado ninguna medida pese a la reiteraci\u00f3n del avistamiento.<\/p>\n<p>Ante una llamada del peri\u00f3dico HOY pidi\u00e9ndome opini\u00f3n, he visitado la zona en la que los animales han aparecido e incluso he subido a la monta\u00f1a para tratar de averiguar la procedencia de los animales que llegan a la rotonda de la Universidad Laboral. En ella, su presencia es evidente ya que el suelo ha sido totalmente removido especialmente en la zona cercana\u00a0 a la monta\u00f1a. Est\u00e1 claroque en lugar han encontrado lo que buscaban y que adem\u00e1s les ofrecemos de manera generosa. He podido ver un par de perales que tienen en el suelo montones de magn\u00edficas peras esperando que los jabal\u00edes den cuenta de ellas en un momento en el que es muy escaso el alimento en el monte.<\/p>\n<p>He hablado con los vecinos del impactante Residencial Universidad y me advierten de que en el entorno de las \u00faltimas casas\u00a0 durante el oto\u00f1o e invierno se ven los suelos removidos por los jabal\u00edes. Ahora han bajado y se han metido por el corredor que no est\u00e1 vallado y en el que existe agua y algo de alimento.<\/p>\n<p>Ante esto, cabe preguntarse c\u00f3mo hemos de proceder. En casos similares al que planteo, en Barcelona por ejemplo, se han capturado a los ejemplares con teleanestesia, estoy seguro que no faltar\u00e1n buenos cazadores dispuestos a colaborar con las autoridades en tan noble causa. Lo que s\u00ed es desde todos los puntos de vista desaconsejable es tratar de acercarse a ellos, m\u00e1s si est\u00e1n en familia y acompa\u00f1ados de cr\u00edas.<\/p>\n<p>Est\u00e1 claro que cuando solo causan da\u00f1os en huertas y jardines, las autoridades suelen mirar para otro lado, \u00a0pero en un lugar como \u00e9ste donde los animales pueden causar graves da\u00f1os se necesita una intervenci\u00f3n urgente, y como siempre saben que estamos dispuestos a colaborar, salvo que como con los dem\u00e1s problemas ambientales de la ciudad nos hagamos el sueco o nos limitemos a poner una se\u00f1al de: <strong>peligro jabal\u00edes sueltos<\/strong>.<\/p>\n<p>&nbsp;<\/p>\n<p>&nbsp;<\/p>\n<p align=\"right\"><strong>Jos\u00e9 Mar\u00eda Corrales V\u00e1zquez<\/strong><\/p>\n<p align=\"right\">\n<!-- AddThis Advanced Settings generic via filter on the_content --><!-- AddThis Share Buttons generic via filter on the_content -->","protected":false},"excerpt":{"rendered":"<p>Ya s\u00e9 que no es noticia que un hombre se adentre en las zonas m\u00e1s v\u00edrgenes de un espacio protegido, incluso que construya una casita en medio de un paraje magn\u00edficamente conservado o que quiera navegar por el coraz\u00f3n de nuestro \u00fanico parque nacional. Lo que s\u00ed es noticia, es que manadas de jabal\u00edes bajen [&hellip;]<!-- AddThis Advanced Settings generic via filter on get_the_excerpt --><!-- AddThis Share Buttons generic via filter on get_the_excerpt --><\/p>\n","protected":false},"author":52,"featured_media":0,"comment_status":"open","ping_status":"closed","sticky":false,"template":"","format":"standard","meta":[],"categories":[2],"tags":[9,11,15,24,50,55,61,86,87,88,100,101,106,108,109,119,123,130,144,145,148,153],"_links":{"self":[{"href":"https:\/\/blogs.hoy.es\/verdeconciencia\/wp-json\/wp\/v2\/posts\/42"}],"collection":[{"href":"https:\/\/blogs.hoy.es\/verdeconciencia\/wp-json\/wp\/v2\/posts"}],"about":[{"href":"https:\/\/blogs.hoy.es\/verdeconciencia\/wp-json\/wp\/v2\/types\/post"}],"author":[{"embeddable":true,"href":"https:\/\/blogs.hoy.es\/verdeconciencia\/wp-json\/wp\/v2\/users\/52"}],"replies":[{"embeddable":true,"href":"https:\/\/blogs.hoy.es\/verdeconciencia\/wp-json\/wp\/v2\/comments?post=42"}],"version-history":[{"count":0,"href":"https:\/\/blogs.hoy.es\/verdeconciencia\/wp-json\/wp\/v2\/posts\/42\/revisions"}],"wp:attachment":[{"href":"https:\/\/blogs.hoy.es\/verdeconciencia\/wp-json\/wp\/v2\/media?parent=42"}],"wp:term":[{"taxonomy":"category","embeddable":true,"href":"https:\/\/blogs.hoy.es\/verdeconciencia\/wp-json\/wp\/v2\/categories?post=42"},{"taxonomy":"post_tag","embeddable":true,"href":"https:\/\/blogs.hoy.es\/verdeconciencia\/wp-json\/wp\/v2\/tags?post=42"}],"curies":[{"name":"wp","href":"https:\/\/api.w.org\/{rel}","templated":true}]}}