{"id":46,"date":"2013-12-23T16:18:38","date_gmt":"2013-12-23T16:18:38","guid":{"rendered":"http:\/\/blogs.hoy.es\/verdeconciencia\/?p=44"},"modified":"2013-12-23T16:18:38","modified_gmt":"2013-12-23T16:18:38","slug":"la-flor-extremena-de-la-navidad","status":"publish","type":"post","link":"https:\/\/blogs.hoy.es\/verdeconciencia\/2013\/12\/23\/la-flor-extremena-de-la-navidad\/","title":{"rendered":"La flor extreme\u00f1a de la Navidad"},"content":{"rendered":"<p>&nbsp;<\/p>\n<p style=\"mso-bidi-font-weight: normal;\"><!--[if gte mso 9]><xml>\n<w:LatentStyles DefLockedState=\"false\" LatentStyleCount=\"156\">\n<\/w:LatentStyles>\n<\/xml><![endif]--><strong>\u00bfSe imaginan una planta para la que la primavera comienza\u00a0 el primer d\u00eda del invierno y que el d\u00eda de Navidad est\u00e1 totalmente cubierta de llamativas flores amarillas?<\/strong> Cuesta trabajo creer que exista, ya que la naturaleza parece funcionar en sentido contrario. Pues como si de un milagro de la Navidad se tratase, la <a href=\"http:\/\/es.wikipedia.org\/wiki\/Anagyris\" target=\"_blank\">Anagyris<\/a>, que ese es el nombre de nuestra planta, inicia su ciclo vegetativo a principios de oto\u00f1o. Le salen las hojas cuando las dem\u00e1s plantas las pierden, y en este momento los extremos de sus ramas se cubren de llamativas flores<span style=\"mso-spacerun: yes;\">\u00a0 <\/span>de color amarillo; hasta en esto se diferencia de las dem\u00e1s plantas t\u00edpicas de Navidad, como el acebo o la flor de Pascua, de rojo intenso.<\/p>\n<div id=\"attachment_45\" style=\"width: 310px\" class=\"wp-caption alignright\"><a href=\"\/verdeconciencia\/wp-content\/uploads\/sites\/50\/2013\/12\/ANAGYRIS-FELICITACI\u00d3N.jpg\"><img aria-describedby=\"caption-attachment-45\" loading=\"lazy\" class=\"size-medium wp-image-45\" title=\"Anagyris\" src=\"\/verdeconciencia\/wp-content\/uploads\/sites\/50\/2013\/12\/ANAGYRIS-FELICITACI\u00d3N.jpg\" alt=\"Anagyris\" width=\"300\" height=\"231\" \/><\/a><p id=\"caption-attachment-45\" class=\"wp-caption-text\">Anagyris<\/p><\/div>\n<p class=\"MsoNormal\" style=\"text-align: justify;\">En primavera ya tendr\u00e1 frutos, unos curiosos altramuces de color negro,<span style=\"mso-spacerun: yes;\">\u00a0 <\/span>y al inicio del verano perder\u00e1 sus hojas, pues para ella esta \u00e9poca es su particular oto\u00f1o. <strong>Se trata de un arbusto o arbolillo relicto de la flora subtropical que a\u00fan podemos encontrar en algunos lugares de Extremadura.<\/strong><\/p>\n<p class=\"MsoNormal\" style=\"text-align: justify;\">Solemos repetir con machacona insistencia que la naturaleza es sabia, y eso parece contradecirlo <strong>la Anagyris, que florece cuando pr\u00e1cticamente no hay insectos y tiene flores\u00a0 llamativas, como para quererlos atrapar<\/strong>. Pero nuestra curiosa planta es tambi\u00e9n sabia, y no utiliza insectos como polinizadores sino algunas de las peque\u00f1\u00edsimas<a name=\"_GoBack\"><\/a> aves que viven en nuestro entorno, como currucas y mosquiteros,<span style=\"mso-spacerun: yes;\">\u00a0 <\/span>que van de flor en flor libando y llevando el polen para fecundar nuevas plantas.<span style=\"mso-spacerun: yes;\">\u00a0 <\/span>Realizan de manera magistral la labor que tantas veces hemos visto a los diminutos colibr\u00edes en las selvas tropicales. Es una planta ornit\u00f3fila y por tanto no necesita que existan insectos para ser fecundada.<\/p>\n<p class=\"MsoNormal\" style=\"text-align: justify;\"><strong>Es uno de los vegetales m\u00e1s llamativos y excepcionales de la flora de Extremadura y convierte el solsticio de invierno en su particular solsticio de primavera,\u00a0 floreciendo por Navidad<\/strong>. Por eso he querido que sea mi particular Flor de Pascua, para con ella felicitar la Navidad y el A\u00f1o Nuevo a todos y, de manera especial, a mis amigos,<span style=\"mso-spacerun: yes;\">\u00a0 <\/span>que comparten con la Anagyris el ser seres excepcionales que bien merecen tambi\u00e9n estar estricta y cuidadosamente protegidos.<\/p>\n<p class=\"MsoNormal\" style=\"text-align: right;\" align=\"right\"><strong style=\"mso-bidi-font-weight: normal;\">Por Jos\u00e9 Mar\u00eda Corrales V\u00e1zquez<\/strong><\/p>\n<p class=\"MsoNormal\" style=\"text-align: right;\" align=\"right\">\n<!-- AddThis Advanced Settings generic via filter on the_content --><!-- AddThis Share Buttons generic via filter on the_content -->","protected":false},"excerpt":{"rendered":"<p>&nbsp; \u00bfSe imaginan una planta para la que la primavera comienza\u00a0 el primer d\u00eda del invierno y que el d\u00eda de Navidad est\u00e1 totalmente cubierta de llamativas flores amarillas? Cuesta trabajo creer que exista, ya que la naturaleza parece funcionar en sentido contrario. Pues como si de un milagro de la Navidad se tratase, la [&hellip;]<!-- AddThis Advanced Settings generic via filter on get_the_excerpt --><!-- AddThis Share Buttons generic via filter on get_the_excerpt --><\/p>\n","protected":false},"author":52,"featured_media":0,"comment_status":"open","ping_status":"closed","sticky":false,"template":"","format":"standard","meta":[],"categories":[2,5],"tags":[14,16,65,68,69,71,85,105,116,132,133,134,149],"_links":{"self":[{"href":"https:\/\/blogs.hoy.es\/verdeconciencia\/wp-json\/wp\/v2\/posts\/46"}],"collection":[{"href":"https:\/\/blogs.hoy.es\/verdeconciencia\/wp-json\/wp\/v2\/posts"}],"about":[{"href":"https:\/\/blogs.hoy.es\/verdeconciencia\/wp-json\/wp\/v2\/types\/post"}],"author":[{"embeddable":true,"href":"https:\/\/blogs.hoy.es\/verdeconciencia\/wp-json\/wp\/v2\/users\/52"}],"replies":[{"embeddable":true,"href":"https:\/\/blogs.hoy.es\/verdeconciencia\/wp-json\/wp\/v2\/comments?post=46"}],"version-history":[{"count":0,"href":"https:\/\/blogs.hoy.es\/verdeconciencia\/wp-json\/wp\/v2\/posts\/46\/revisions"}],"wp:attachment":[{"href":"https:\/\/blogs.hoy.es\/verdeconciencia\/wp-json\/wp\/v2\/media?parent=46"}],"wp:term":[{"taxonomy":"category","embeddable":true,"href":"https:\/\/blogs.hoy.es\/verdeconciencia\/wp-json\/wp\/v2\/categories?post=46"},{"taxonomy":"post_tag","embeddable":true,"href":"https:\/\/blogs.hoy.es\/verdeconciencia\/wp-json\/wp\/v2\/tags?post=46"}],"curies":[{"name":"wp","href":"https:\/\/api.w.org\/{rel}","templated":true}]}}